{"id":8616,"date":"2021-08-18T08:27:58","date_gmt":"2021-08-18T08:27:58","guid":{"rendered":"https:\/\/d-unas.laluna.dev\/7-tendencias-de-manicura-para-esta-primavera-verano-2020\/"},"modified":"2021-09-29T13:32:23","modified_gmt":"2021-09-29T11:32:23","slug":"7-tendencias-de-manicura-para-esta-primavera-verano-2020","status":"publish","type":"post","link":"https:\/\/www.d-unas.com\/cl\/7-tendencias-de-manicura-para-esta-primavera-verano-2020\/","title":{"rendered":"7 Tendencias de manicura para esta primavera-verano 2020"},"content":{"rendered":"<div class=\"fusion-fullwidth fullwidth-box fusion-builder-row-1 fusion-flex-container hundred-percent-fullwidth non-hundred-percent-height-scrolling\" style=\"--awb-border-radius-top-left:0px;--awb-border-radius-top-right:0px;--awb-border-radius-bottom-right:0px;--awb-border-radius-bottom-left:0px;--awb-padding-right:0px;--awb-padding-left:0px;--awb-padding-right-small:65px;--awb-padding-left-small:65px;--awb-margin-top:0px;--awb-margin-top-small:0px;--awb-flex-wrap:wrap;\" ><div class=\"fusion-builder-row fusion-row fusion-flex-align-items-flex-start fusion-flex-justify-content-center fusion-flex-content-wrap\" style=\"width:calc( 100% + 0px ) !important;max-width:calc( 100% + 0px ) !important;margin-left: calc(-0px \/ 2 );margin-right: calc(-0px \/ 2 );\"><div class=\"fusion-layout-column fusion_builder_column fusion-builder-column-0 fusion_builder_column_1_2 1_2 fusion-flex-column\" style=\"--awb-bg-size:cover;--awb-width-large:50%;--awb-margin-top-large:0px;--awb-spacing-right-large:0px;--awb-margin-bottom-large:0px;--awb-spacing-left-large:0px;--awb-width-medium:60%;--awb-spacing-right-medium:0px;--awb-spacing-left-medium:0px;--awb-width-small:100%;--awb-spacing-right-small:0px;--awb-spacing-left-small:0px;\"><div class=\"fusion-column-wrapper fusion-flex-justify-content-flex-start fusion-content-layout-column\"><div class=\"fusion-text fusion-text-1\"><p>Toda la inspiraci\u00f3n que necesitas para tus u\u00f1as. Francesa invertida, detalles minimalistas, manicura redondeada y mucho color. Ponte estos looks antes que tus amigas.<\/p>\n<p>\u00a1Te presentamos las tendencias de u\u00f1as para esta primavera-verano 2020 que han triunfado en las \u00faltimas pasarelas y que, desde ya, querr\u00e1s agregar a tu lista de deseos, de inmediato!<\/p>\n<\/div><div class=\"fusion-title title fusion-title-1 fusion-sep-none fusion-title-text fusion-title-size-two\" style=\"--awb-margin-bottom:4%;--awb-font-size:32px;\"><h2 class=\"fusion-title-heading title-heading-left fusion-responsive-typography-calculated\" style=\"margin:0;font-size:1em;--fontSize:32;line-height:1.1;\">La nueva francesa<\/h2><\/div><div class=\"fusion-text fusion-text-2\"><p>La manicura francesa tradicional se renueva en 2020. Las puntas blancas han sido reemplazadas por un arco iris de colores. Y, adem\u00e1s de resaltar las puntas de las u\u00f1as, tambi\u00e9n se agrega algo de color en la l\u00ednea de la cut\u00edcula. La tendencia ha estallado en casi todos los salones. Las puntas en rojo, en particular, son el estilo m\u00e1s popular y demandado.<\/p>\n<\/div><\/div><\/div><div class=\"fusion-layout-column fusion_builder_column fusion-builder-column-1 fusion_builder_column_1_1 1_1 fusion-flex-column\" style=\"--awb-bg-size:cover;--awb-width-large:100%;--awb-margin-top-large:80px;--awb-spacing-right-large:0px;--awb-margin-bottom-large:80px;--awb-spacing-left-large:0px;--awb-width-medium:100%;--awb-spacing-right-medium:0px;--awb-spacing-left-medium:0px;--awb-width-small:100%;--awb-margin-top-small:30px;--awb-spacing-right-small:0px;--awb-margin-bottom-small:30px;--awb-spacing-left-small:0px;\"><div class=\"fusion-column-wrapper fusion-flex-justify-content-flex-start fusion-content-layout-column\"><div class=\"awb-gallery-wrapper awb-gallery-wrapper-1 button-span-no\"><div style=\"margin:-2px;--awb-bordersize:0px;--awb-border-radius:8px;\" class=\"fusion-gallery fusion-gallery-container fusion-grid-3 fusion-columns-total-3 fusion-gallery-layout-grid fusion-gallery-1\"><div style=\"padding:2.5px;\" class=\"fusion-grid-column fusion-gallery-column fusion-gallery-column-3 hover-type-none\"><div class=\"fusion-gallery-image\"><a href=\"https:\/\/www.d-unas.com\/wp-content\/uploads\/2021\/08\/francesa-1.png\" rel=\"noreferrer\" data-rel=\"iLightbox[gallery_image_1]\" class=\"fusion-lightbox\" target=\"_self\"><img decoding=\"async\" src=\"https:\/\/www.d-unas.com\/wp-content\/uploads\/2021\/08\/francesa-1.png\" data-orig-src=\"https:\/\/www.d-unas.com\/wp-content\/uploads\/2021\/08\/francesa-1.png\" width=\"1033\" height=\"1243\" alt=\"\" title=\"francesa 1\" aria-label=\"francesa 1\" class=\"lazyload img-responsive wp-image-5499\" srcset=\"data:image\/svg+xml,%3Csvg%20xmlns%3D%27http%3A%2F%2Fwww.w3.org%2F2000%2Fsvg%27%20width%3D%271033%27%20height%3D%271243%27%20viewBox%3D%270%200%201033%201243%27%3E%3Crect%20width%3D%271033%27%20height%3D%271243%27%20fill-opacity%3D%220%22%2F%3E%3C%2Fsvg%3E\" data-srcset=\"https:\/\/www.d-unas.com\/wp-content\/uploads\/2021\/08\/francesa-1-200x241.png 200w, https:\/\/www.d-unas.com\/wp-content\/uploads\/2021\/08\/francesa-1-400x481.png 400w, https:\/\/www.d-unas.com\/wp-content\/uploads\/2021\/08\/francesa-1-600x722.png 600w, https:\/\/www.d-unas.com\/wp-content\/uploads\/2021\/08\/francesa-1-800x963.png 800w, https:\/\/www.d-unas.com\/wp-content\/uploads\/2021\/08\/francesa-1.png 1033w\" data-sizes=\"auto\" data-orig-sizes=\"(min-width: 2200px) 100vw, (min-width: 784px) 455px, (min-width: 712px) 683px, (min-width: 640px) 712px, \" \/><\/a><\/div><\/div><div style=\"padding:2.5px;\" class=\"fusion-grid-column fusion-gallery-column fusion-gallery-column-3 hover-type-none\"><div class=\"fusion-gallery-image\"><a href=\"https:\/\/www.d-unas.com\/wp-content\/uploads\/2021\/08\/francesa-2.png\" rel=\"noreferrer\" data-rel=\"iLightbox[gallery_image_1]\" class=\"fusion-lightbox\" target=\"_self\"><img decoding=\"async\" src=\"https:\/\/www.d-unas.com\/wp-content\/uploads\/2021\/08\/francesa-2.png\" data-orig-src=\"https:\/\/www.d-unas.com\/wp-content\/uploads\/2021\/08\/francesa-2.png\" width=\"872\" height=\"1091\" alt=\"\" title=\"francesa 2\" aria-label=\"francesa 2\" class=\"lazyload img-responsive wp-image-5491\" srcset=\"data:image\/svg+xml,%3Csvg%20xmlns%3D%27http%3A%2F%2Fwww.w3.org%2F2000%2Fsvg%27%20width%3D%27872%27%20height%3D%271091%27%20viewBox%3D%270%200%20872%201091%27%3E%3Crect%20width%3D%27872%27%20height%3D%271091%27%20fill-opacity%3D%220%22%2F%3E%3C%2Fsvg%3E\" data-srcset=\"https:\/\/www.d-unas.com\/wp-content\/uploads\/2021\/08\/francesa-2-200x250.png 200w, https:\/\/www.d-unas.com\/wp-content\/uploads\/2021\/08\/francesa-2-400x500.png 400w, https:\/\/www.d-unas.com\/wp-content\/uploads\/2021\/08\/francesa-2-600x751.png 600w, https:\/\/www.d-unas.com\/wp-content\/uploads\/2021\/08\/francesa-2-800x1001.png 800w, https:\/\/www.d-unas.com\/wp-content\/uploads\/2021\/08\/francesa-2.png 872w\" data-sizes=\"auto\" data-orig-sizes=\"(min-width: 2200px) 100vw, (min-width: 784px) 455px, (min-width: 712px) 683px, (min-width: 640px) 712px, \" \/><\/a><\/div><\/div><div style=\"padding:2.5px;\" class=\"fusion-grid-column fusion-gallery-column fusion-gallery-column-3 hover-type-none\"><div class=\"fusion-gallery-image\"><a href=\"https:\/\/www.d-unas.com\/wp-content\/uploads\/2021\/08\/francesa-3.png\" rel=\"noreferrer\" data-rel=\"iLightbox[gallery_image_1]\" class=\"fusion-lightbox\" target=\"_self\"><img decoding=\"async\" src=\"https:\/\/www.d-unas.com\/wp-content\/uploads\/2021\/08\/francesa-3.png\" data-orig-src=\"https:\/\/www.d-unas.com\/wp-content\/uploads\/2021\/08\/francesa-3.png\" width=\"1189\" height=\"1115\" alt=\"\" title=\"francesa 3\" aria-label=\"francesa 3\" class=\"lazyload img-responsive wp-image-5495\" srcset=\"data:image\/svg+xml,%3Csvg%20xmlns%3D%27http%3A%2F%2Fwww.w3.org%2F2000%2Fsvg%27%20width%3D%271189%27%20height%3D%271115%27%20viewBox%3D%270%200%201189%201115%27%3E%3Crect%20width%3D%271189%27%20height%3D%271115%27%20fill-opacity%3D%220%22%2F%3E%3C%2Fsvg%3E\" data-srcset=\"https:\/\/www.d-unas.com\/wp-content\/uploads\/2021\/08\/francesa-3-200x188.png 200w, https:\/\/www.d-unas.com\/wp-content\/uploads\/2021\/08\/francesa-3-400x375.png 400w, https:\/\/www.d-unas.com\/wp-content\/uploads\/2021\/08\/francesa-3-600x563.png 600w, https:\/\/www.d-unas.com\/wp-content\/uploads\/2021\/08\/francesa-3-800x750.png 800w, https:\/\/www.d-unas.com\/wp-content\/uploads\/2021\/08\/francesa-3.png 1189w\" data-sizes=\"auto\" data-orig-sizes=\"(min-width: 2200px) 100vw, (min-width: 784px) 455px, (min-width: 712px) 683px, (min-width: 640px) 712px, \" \/><\/a><\/div><\/div><div class=\"clearfix\"><\/div><\/div><\/div><\/div><\/div><div class=\"fusion-layout-column fusion_builder_column fusion-builder-column-2 fusion_builder_column_1_2 1_2 fusion-flex-column\" style=\"--awb-bg-size:cover;--awb-width-large:50%;--awb-margin-top-large:0px;--awb-spacing-right-large:0px;--awb-margin-bottom-large:0px;--awb-spacing-left-large:0px;--awb-width-medium:60%;--awb-spacing-right-medium:0px;--awb-spacing-left-medium:0px;--awb-width-small:100%;--awb-spacing-right-small:0px;--awb-spacing-left-small:0px;\"><div class=\"fusion-column-wrapper fusion-flex-justify-content-flex-start fusion-content-layout-column\"><div class=\"fusion-title title fusion-title-2 fusion-sep-none fusion-title-text fusion-title-size-two\" style=\"--awb-margin-bottom:4%;--awb-font-size:32px;\"><h2 class=\"fusion-title-heading title-heading-left fusion-responsive-typography-calculated\" style=\"margin:0;font-size:1em;--fontSize:32;line-height:1.1;\">Detalles Minimalistas<\/h2><\/div><div class=\"fusion-text fusion-text-3\"><p>Algunas de las u\u00f1as m\u00e1s bonitas vistas entre bastidores en los desfiles inclu\u00edan adornos sutiles como peque\u00f1as perlas y cristales. En los \u00faltimos meses, hemos visto perlas en apliques de cabello, por lo que agregarlas a las u\u00f1as es una buena idea como continuidad de tu look. Las redes sociales nos han inspirado tambi\u00e9n a resaltar nuestras u\u00f1as con delicados dise\u00f1os florales.<\/p>\n<\/div><\/div><\/div><div class=\"fusion-layout-column fusion_builder_column fusion-builder-column-3 fusion_builder_column_1_1 1_1 fusion-flex-column\" style=\"--awb-bg-size:cover;--awb-width-large:100%;--awb-margin-top-large:80px;--awb-spacing-right-large:0px;--awb-margin-bottom-large:80px;--awb-spacing-left-large:0px;--awb-width-medium:100%;--awb-order-medium:0;--awb-spacing-right-medium:0px;--awb-spacing-left-medium:0px;--awb-width-small:100%;--awb-order-small:0;--awb-margin-top-small:30px;--awb-spacing-right-small:0px;--awb-margin-bottom-small:30px;--awb-spacing-left-small:0px;\"><div class=\"fusion-column-wrapper fusion-column-has-shadow fusion-flex-justify-content-center fusion-content-layout-column\"><div class=\"awb-gallery-wrapper awb-gallery-wrapper-2 button-span-no\"><div style=\"margin:-2px;--awb-bordersize:0px;--awb-border-radius:8px;\" class=\"fusion-gallery fusion-gallery-container fusion-grid-3 fusion-columns-total-3 fusion-gallery-layout-masonry fusion-gallery-2\"><div class=\"fusion-grid-column fusion-gallery-column fusion-gallery-column-3 hover-type-none fusion-grid-sizer\"><\/div><div style=\"padding:2.5px;\" class=\"fusion-grid-column fusion-gallery-column fusion-gallery-column-3 hover-type-none fusion-element-grid\"><div class=\"fusion-gallery-image\"><a href=\"https:\/\/www.d-unas.com\/wp-content\/uploads\/2021\/08\/detalles-minimalistas-1.png\" rel=\"noreferrer\" data-rel=\"iLightbox[gallery_image_2]\" class=\"fusion-lightbox\" target=\"_self\"><div style=\"padding-top:calc((100% + 4px) * 0.8 - 2.5px);background-position:;\" class=\"fusion-masonry-element-container lazyload\" data-bg=\"https:\/\/www.d-unas.com\/wp-content\/uploads\/2021\/08\/detalles-minimalistas-1.png\"><img decoding=\"async\" src=\"https:\/\/www.d-unas.com\/wp-content\/uploads\/2021\/08\/detalles-minimalistas-1.png\" data-orig-src=\"https:\/\/www.d-unas.com\/wp-content\/uploads\/2021\/08\/detalles-minimalistas-1.png\" width=\"400\" height=\"438\" alt=\"\" title=\"detalles minimalistas 1\" aria-label=\"detalles minimalistas 1\" class=\"lazyload img-responsive wp-image-5384\" srcset=\"data:image\/svg+xml,%3Csvg%20xmlns%3D%27http%3A%2F%2Fwww.w3.org%2F2000%2Fsvg%27%20width%3D%27400%27%20height%3D%27438%27%20viewBox%3D%270%200%20400%20438%27%3E%3Crect%20width%3D%27400%27%20height%3D%27438%27%20fill-opacity%3D%220%22%2F%3E%3C%2Fsvg%3E\" data-srcset=\"https:\/\/www.d-unas.com\/wp-content\/uploads\/2021\/08\/detalles-minimalistas-1-200x219.png 200w, https:\/\/www.d-unas.com\/wp-content\/uploads\/2021\/08\/detalles-minimalistas-1.png 400w\" data-sizes=\"auto\" data-orig-sizes=\"(min-width: 2200px) 100vw, (min-width: 784px) 455px, (min-width: 712px) 683px, (min-width: 640px) 712px, \" \/><\/div><\/a><\/div><\/div><div style=\"padding:2.5px;\" class=\"fusion-grid-column fusion-gallery-column fusion-gallery-column-3 hover-type-none fusion-element-grid\"><div class=\"fusion-gallery-image\"><a href=\"https:\/\/www.d-unas.com\/wp-content\/uploads\/2021\/08\/detalles-minimalistas-2.jpg\" rel=\"noreferrer\" data-rel=\"iLightbox[gallery_image_2]\" class=\"fusion-lightbox\" target=\"_self\"><div style=\"padding-top:calc((100% + 4px) * 0.8 - 2.5px);background-position:;\" class=\"fusion-masonry-element-container lazyload\" data-bg=\"https:\/\/www.d-unas.com\/wp-content\/uploads\/2021\/08\/detalles-minimalistas-2.jpg\"><img decoding=\"async\" src=\"https:\/\/www.d-unas.com\/wp-content\/uploads\/2021\/08\/detalles-minimalistas-2.jpg\" data-orig-src=\"https:\/\/www.d-unas.com\/wp-content\/uploads\/2021\/08\/detalles-minimalistas-2.jpg\" width=\"300\" height=\"450\" alt=\"\" title=\"detalles minimalistas 2\" aria-label=\"detalles minimalistas 2\" class=\"lazyload img-responsive wp-image-5388\" srcset=\"data:image\/svg+xml,%3Csvg%20xmlns%3D%27http%3A%2F%2Fwww.w3.org%2F2000%2Fsvg%27%20width%3D%27300%27%20height%3D%27450%27%20viewBox%3D%270%200%20300%20450%27%3E%3Crect%20width%3D%27300%27%20height%3D%27450%27%20fill-opacity%3D%220%22%2F%3E%3C%2Fsvg%3E\" data-srcset=\"https:\/\/www.d-unas.com\/wp-content\/uploads\/2021\/08\/detalles-minimalistas-2-200x300.jpg 200w, https:\/\/www.d-unas.com\/wp-content\/uploads\/2021\/08\/detalles-minimalistas-2.jpg 300w\" data-sizes=\"auto\" data-orig-sizes=\"(min-width: 2200px) 100vw, (min-width: 784px) 455px, (min-width: 712px) 683px, (min-width: 640px) 712px, \" \/><\/div><\/a><\/div><\/div><div style=\"padding:2.5px;\" class=\"fusion-grid-column fusion-gallery-column fusion-gallery-column-3 hover-type-none fusion-element-grid\"><div class=\"fusion-gallery-image\"><a href=\"https:\/\/www.d-unas.com\/wp-content\/uploads\/2021\/08\/detalles-minimalistas-3.png\" rel=\"noreferrer\" data-rel=\"iLightbox[gallery_image_2]\" class=\"fusion-lightbox\" target=\"_self\"><div style=\"padding-top:calc((100% + 4px) * 0.8 - 2.5px);background-position:;\" class=\"fusion-masonry-element-container lazyload\" data-bg=\"https:\/\/www.d-unas.com\/wp-content\/uploads\/2021\/08\/detalles-minimalistas-3.png\"><img decoding=\"async\" src=\"https:\/\/www.d-unas.com\/wp-content\/uploads\/2021\/08\/detalles-minimalistas-3.png\" data-orig-src=\"https:\/\/www.d-unas.com\/wp-content\/uploads\/2021\/08\/detalles-minimalistas-3.png\" width=\"600\" height=\"597\" alt=\"\" title=\"detalles minimalistas 3\" aria-label=\"detalles minimalistas 3\" class=\"lazyload img-responsive wp-image-5392\" srcset=\"data:image\/svg+xml,%3Csvg%20xmlns%3D%27http%3A%2F%2Fwww.w3.org%2F2000%2Fsvg%27%20width%3D%27600%27%20height%3D%27597%27%20viewBox%3D%270%200%20600%20597%27%3E%3Crect%20width%3D%27600%27%20height%3D%27597%27%20fill-opacity%3D%220%22%2F%3E%3C%2Fsvg%3E\" data-srcset=\"https:\/\/www.d-unas.com\/wp-content\/uploads\/2021\/08\/detalles-minimalistas-3-200x199.png 200w, https:\/\/www.d-unas.com\/wp-content\/uploads\/2021\/08\/detalles-minimalistas-3-400x398.png 400w, https:\/\/www.d-unas.com\/wp-content\/uploads\/2021\/08\/detalles-minimalistas-3.png 600w\" data-sizes=\"auto\" data-orig-sizes=\"(min-width: 2200px) 100vw, (min-width: 784px) 455px, (min-width: 712px) 683px, (min-width: 640px) 712px, \" \/><\/div><\/a><\/div><\/div><\/div><\/div><\/div><\/div><div class=\"fusion-layout-column fusion_builder_column fusion-builder-column-4 fusion_builder_column_1_2 1_2 fusion-flex-column\" style=\"--awb-bg-size:cover;--awb-width-large:50%;--awb-margin-top-large:0px;--awb-spacing-right-large:0px;--awb-margin-bottom-large:0px;--awb-spacing-left-large:0px;--awb-width-medium:60%;--awb-spacing-right-medium:0px;--awb-spacing-left-medium:0px;--awb-width-small:100%;--awb-spacing-right-small:0px;--awb-spacing-left-small:0px;\"><div class=\"fusion-column-wrapper fusion-flex-justify-content-flex-start fusion-content-layout-column\"><div class=\"fusion-text fusion-text-4\"><p>As\u00ed como otros dise\u00f1os minimalistas como corazones, perfectos para ocasiones rom\u00e1nticas!. \u00bfM\u00e1s ideas minimalistas diferentes al patr\u00f3n de manicura francesa? Presta atenci\u00f3n: Los peque\u00f1os detalles como los puntos tambi\u00e9n est\u00e1n en aumento. Considere esta tendencia en decoraci\u00f3n de u\u00f1as para esta temporada Primavera-Verano como la forma discreta de introducirte en el nail art.<\/p>\n<\/div><\/div><\/div><div class=\"fusion-layout-column fusion_builder_column fusion-builder-column-5 fusion_builder_column_1_1 1_1 fusion-flex-column\" style=\"--awb-bg-size:cover;--awb-width-large:100%;--awb-margin-top-large:80px;--awb-spacing-right-large:0px;--awb-margin-bottom-large:80px;--awb-spacing-left-large:0px;--awb-width-medium:100%;--awb-order-medium:0;--awb-spacing-right-medium:0px;--awb-spacing-left-medium:0px;--awb-width-small:100%;--awb-order-small:0;--awb-margin-top-small:30px;--awb-spacing-right-small:0px;--awb-margin-bottom-small:30px;--awb-spacing-left-small:0px;\"><div class=\"fusion-column-wrapper fusion-column-has-shadow fusion-flex-justify-content-center fusion-content-layout-column\"><div class=\"awb-gallery-wrapper awb-gallery-wrapper-3 button-span-no\"><div style=\"margin:-2px;--awb-bordersize:0px;--awb-border-radius:8px;\" class=\"fusion-gallery fusion-gallery-container fusion-grid-2 fusion-columns-total-2 fusion-gallery-layout-masonry fusion-gallery-3\"><div class=\"fusion-grid-column fusion-gallery-column fusion-gallery-column-2 hover-type-none fusion-element-grid fusion-grid-sizer\"><\/div><div style=\"padding:2.5px;\" class=\"fusion-grid-column fusion-gallery-column fusion-gallery-column-2 hover-type-none fusion-element-grid\"><div class=\"fusion-gallery-image\"><a href=\"https:\/\/www.d-unas.com\/wp-content\/uploads\/2021\/08\/detalles-minimalistas-4.png\" rel=\"noreferrer\" data-rel=\"iLightbox[gallery_image_3]\" class=\"fusion-lightbox\" target=\"_self\"><div style=\"padding-top:calc((100% + 4px) * 0.8 - 2.5px);background-position:;\" class=\"fusion-masonry-element-container lazyload\" data-bg=\"https:\/\/www.d-unas.com\/wp-content\/uploads\/2021\/08\/detalles-minimalistas-4.png\"><img decoding=\"async\" src=\"https:\/\/www.d-unas.com\/wp-content\/uploads\/2021\/08\/detalles-minimalistas-4.png\" data-orig-src=\"https:\/\/www.d-unas.com\/wp-content\/uploads\/2021\/08\/detalles-minimalistas-4.png\" width=\"600\" height=\"393\" alt=\"\" title=\"detalles minimalistas 4\" aria-label=\"detalles minimalistas 4\" class=\"lazyload img-responsive wp-image-5400\" srcset=\"data:image\/svg+xml,%3Csvg%20xmlns%3D%27http%3A%2F%2Fwww.w3.org%2F2000%2Fsvg%27%20width%3D%27600%27%20height%3D%27393%27%20viewBox%3D%270%200%20600%20393%27%3E%3Crect%20width%3D%27600%27%20height%3D%27393%27%20fill-opacity%3D%220%22%2F%3E%3C%2Fsvg%3E\" data-srcset=\"https:\/\/www.d-unas.com\/wp-content\/uploads\/2021\/08\/detalles-minimalistas-4-200x131.png 200w, https:\/\/www.d-unas.com\/wp-content\/uploads\/2021\/08\/detalles-minimalistas-4-400x262.png 400w, https:\/\/www.d-unas.com\/wp-content\/uploads\/2021\/08\/detalles-minimalistas-4.png 600w\" data-sizes=\"auto\" data-orig-sizes=\"(min-width: 2200px) 100vw, (min-width: 712px) 684px, (min-width: 640px) 712px, \" \/><\/div><\/a><\/div><\/div><div style=\"padding:2.5px;\" class=\"fusion-grid-column fusion-gallery-column fusion-gallery-column-2 hover-type-none fusion-element-grid\"><div class=\"fusion-gallery-image\"><a href=\"https:\/\/www.d-unas.com\/wp-content\/uploads\/2021\/08\/detalles-minimalistas-5.jpg\" rel=\"noreferrer\" data-rel=\"iLightbox[gallery_image_3]\" class=\"fusion-lightbox\" target=\"_self\"><div style=\"padding-top:calc((100% + 4px) * 0.8 - 2.5px);background-position:;\" class=\"fusion-masonry-element-container lazyload\" data-bg=\"https:\/\/www.d-unas.com\/wp-content\/uploads\/2021\/08\/detalles-minimalistas-5.jpg\"><img decoding=\"async\" src=\"https:\/\/www.d-unas.com\/wp-content\/uploads\/2021\/08\/detalles-minimalistas-5.jpg\" data-orig-src=\"https:\/\/www.d-unas.com\/wp-content\/uploads\/2021\/08\/detalles-minimalistas-5.jpg\" width=\"400\" height=\"400\" alt=\"\" title=\"detalles minimalistas 5\" aria-label=\"detalles minimalistas 5\" class=\"lazyload img-responsive wp-image-5396\" srcset=\"data:image\/svg+xml,%3Csvg%20xmlns%3D%27http%3A%2F%2Fwww.w3.org%2F2000%2Fsvg%27%20width%3D%27400%27%20height%3D%27400%27%20viewBox%3D%270%200%20400%20400%27%3E%3Crect%20width%3D%27400%27%20height%3D%27400%27%20fill-opacity%3D%220%22%2F%3E%3C%2Fsvg%3E\" data-srcset=\"https:\/\/www.d-unas.com\/wp-content\/uploads\/2021\/08\/detalles-minimalistas-5-200x200.jpg 200w, https:\/\/www.d-unas.com\/wp-content\/uploads\/2021\/08\/detalles-minimalistas-5.jpg 400w\" data-sizes=\"auto\" data-orig-sizes=\"(min-width: 2200px) 100vw, (min-width: 712px) 684px, (min-width: 640px) 712px, \" \/><\/div><\/a><\/div><\/div><\/div><\/div><\/div><\/div><div class=\"fusion-layout-column fusion_builder_column fusion-builder-column-6 fusion_builder_column_1_2 1_2 fusion-flex-column\" style=\"--awb-bg-size:cover;--awb-width-large:50%;--awb-margin-top-large:0px;--awb-spacing-right-large:0px;--awb-margin-bottom-large:0px;--awb-spacing-left-large:0px;--awb-width-medium:60%;--awb-spacing-right-medium:0px;--awb-spacing-left-medium:0px;--awb-width-small:100%;--awb-spacing-right-small:0px;--awb-spacing-left-small:0px;\"><div class=\"fusion-column-wrapper fusion-flex-justify-content-flex-start fusion-content-layout-column\"><div class=\"fusion-title title fusion-title-3 fusion-sep-none fusion-title-text fusion-title-size-two\" style=\"--awb-margin-bottom:4%;--awb-font-size:32px;\"><h2 class=\"fusion-title-heading title-heading-left fusion-responsive-typography-calculated\" style=\"margin:0;font-size:1em;--fontSize:32;line-height:1.1;\">Amarillo Pastel<\/h2><\/div><div class=\"fusion-text fusion-text-5\"><p>No pueden faltar en primavera los colores pastel. Y, sin duda, el to\u00f1o so\u00f1ador amarillo pastel ya es un must en cuanto a colores tendencia.<\/p>\n<\/div><\/div><\/div><div class=\"fusion-layout-column fusion_builder_column fusion-builder-column-7 fusion_builder_column_1_1 1_1 fusion-flex-column\" style=\"--awb-bg-size:cover;--awb-width-large:100%;--awb-margin-top-large:80px;--awb-spacing-right-large:0px;--awb-margin-bottom-large:80px;--awb-spacing-left-large:0px;--awb-width-medium:100%;--awb-spacing-right-medium:0px;--awb-spacing-left-medium:0px;--awb-width-small:100%;--awb-margin-top-small:30px;--awb-spacing-right-small:0px;--awb-margin-bottom-small:30px;--awb-spacing-left-small:0px;\"><div class=\"fusion-column-wrapper fusion-flex-justify-content-flex-start fusion-content-layout-column\"><div class=\"fusion-image-element \" style=\"text-align:center;--awb-caption-title-font-family:var(--h2_typography-font-family);--awb-caption-title-font-weight:var(--h2_typography-font-weight);--awb-caption-title-font-style:var(--h2_typography-font-style);--awb-caption-title-size:var(--h2_typography-font-size);--awb-caption-title-transform:var(--h2_typography-text-transform);--awb-caption-title-line-height:var(--h2_typography-line-height);--awb-caption-title-letter-spacing:var(--h2_typography-letter-spacing);\"><span class=\" fusion-imageframe imageframe-none imageframe-1 hover-type-none\" style=\"border-radius:8px;\"><img decoding=\"async\" width=\"400\" height=\"398\" title=\"amarillo pastel\" src=\"https:\/\/www.d-unas.com\/wp-content\/uploads\/2021\/08\/amarillo-pastel.png\" data-orig-src=\"https:\/\/www.d-unas.com\/wp-content\/uploads\/2021\/08\/amarillo-pastel.png\" alt class=\"lazyload img-responsive wp-image-8660\" srcset=\"data:image\/svg+xml,%3Csvg%20xmlns%3D%27http%3A%2F%2Fwww.w3.org%2F2000%2Fsvg%27%20width%3D%27400%27%20height%3D%27398%27%20viewBox%3D%270%200%20400%20398%27%3E%3Crect%20width%3D%27400%27%20height%3D%27398%27%20fill-opacity%3D%220%22%2F%3E%3C%2Fsvg%3E\" data-srcset=\"https:\/\/www.d-unas.com\/wp-content\/uploads\/2021\/08\/amarillo-pastel-200x199.png 200w, https:\/\/www.d-unas.com\/wp-content\/uploads\/2021\/08\/amarillo-pastel.png 400w\" data-sizes=\"auto\" data-orig-sizes=\"(max-width: 680px) 100vw, 400px\" \/><\/span><\/div><\/div><\/div><div class=\"fusion-layout-column fusion_builder_column fusion-builder-column-8 fusion_builder_column_1_2 1_2 fusion-flex-column\" style=\"--awb-bg-size:cover;--awb-width-large:50%;--awb-margin-top-large:0px;--awb-spacing-right-large:0px;--awb-margin-bottom-large:0px;--awb-spacing-left-large:0px;--awb-width-medium:60%;--awb-spacing-right-medium:0px;--awb-spacing-left-medium:0px;--awb-width-small:100%;--awb-spacing-right-small:0px;--awb-spacing-left-small:0px;\"><div class=\"fusion-column-wrapper fusion-flex-justify-content-flex-start fusion-content-layout-column\"><div class=\"fusion-title title fusion-title-4 fusion-sep-none fusion-title-text fusion-title-size-two\" style=\"--awb-margin-bottom:4%;--awb-font-size:32px;\"><h2 class=\"fusion-title-heading title-heading-left fusion-responsive-typography-calculated\" style=\"margin:0;font-size:1em;--fontSize:32;line-height:1.1;\">Met\u00e1licos<\/h2><\/div><div class=\"fusion-text fusion-text-6\"><p>Los colores met\u00e1licos no tienen que ser exclusivos de la Navidad. Este tipo de tonalidades brillantes son particularmente llamativos cuando el sol brilla ya que reflejan los rayos. Los detalles dorados alrededor del borde de las u\u00f1as son un nuevo dise\u00f1o tendencia en la decoraci\u00f3n de u\u00f1as, como una forma sutil pero glamurosa de agregar brillo.<\/p>\n<\/div><\/div><\/div><div class=\"fusion-layout-column fusion_builder_column fusion-builder-column-9 fusion_builder_column_1_1 1_1 fusion-flex-column\" style=\"--awb-bg-size:cover;--awb-width-large:100%;--awb-margin-top-large:80px;--awb-spacing-right-large:0px;--awb-margin-bottom-large:80px;--awb-spacing-left-large:0px;--awb-width-medium:100%;--awb-spacing-right-medium:0px;--awb-spacing-left-medium:0px;--awb-width-small:100%;--awb-margin-top-small:30px;--awb-spacing-right-small:0px;--awb-margin-bottom-small:30px;--awb-spacing-left-small:0px;\"><div class=\"fusion-column-wrapper fusion-flex-justify-content-flex-start fusion-content-layout-column\"><div class=\"awb-gallery-wrapper awb-gallery-wrapper-4 button-span-no\"><div style=\"margin:-2px;--awb-bordersize:0px;--awb-border-radius:8px;\" class=\"fusion-gallery fusion-gallery-container fusion-grid-2 fusion-columns-total-2 fusion-gallery-layout-masonry fusion-gallery-4\"><div class=\"fusion-grid-column fusion-gallery-column fusion-gallery-column-2 hover-type-none fusion-element-grid fusion-grid-sizer\"><\/div><div style=\"padding:2.5px;\" class=\"fusion-grid-column fusion-gallery-column fusion-gallery-column-2 hover-type-none fusion-element-grid\"><div class=\"fusion-gallery-image\"><a href=\"https:\/\/www.d-unas.com\/wp-content\/uploads\/2021\/08\/metalicos-1.jpg\" rel=\"noreferrer\" data-rel=\"iLightbox[gallery_image_4]\" class=\"fusion-lightbox\" target=\"_self\"><div style=\"padding-top:calc((100% + 4px) * 0.8 - 2.5px);background-position:;\" class=\"fusion-masonry-element-container lazyload\" data-bg=\"https:\/\/www.d-unas.com\/wp-content\/uploads\/2021\/08\/metalicos-1.jpg\"><img decoding=\"async\" src=\"https:\/\/www.d-unas.com\/wp-content\/uploads\/2021\/08\/metalicos-1.jpg\" data-orig-src=\"https:\/\/www.d-unas.com\/wp-content\/uploads\/2021\/08\/metalicos-1.jpg\" width=\"400\" height=\"600\" alt=\"\" title=\"metalicos 1\" aria-label=\"metalicos 1\" class=\"lazyload img-responsive wp-image-5408\" srcset=\"data:image\/svg+xml,%3Csvg%20xmlns%3D%27http%3A%2F%2Fwww.w3.org%2F2000%2Fsvg%27%20width%3D%27400%27%20height%3D%27600%27%20viewBox%3D%270%200%20400%20600%27%3E%3Crect%20width%3D%27400%27%20height%3D%27600%27%20fill-opacity%3D%220%22%2F%3E%3C%2Fsvg%3E\" data-srcset=\"https:\/\/www.d-unas.com\/wp-content\/uploads\/2021\/08\/metalicos-1-200x300.jpg 200w, https:\/\/www.d-unas.com\/wp-content\/uploads\/2021\/08\/metalicos-1.jpg 400w\" data-sizes=\"auto\" data-orig-sizes=\"(min-width: 2200px) 100vw, (min-width: 712px) 684px, (min-width: 640px) 712px, \" \/><\/div><\/a><\/div><\/div><div style=\"padding:2.5px;\" class=\"fusion-grid-column fusion-gallery-column fusion-gallery-column-2 hover-type-none fusion-element-grid\"><div class=\"fusion-gallery-image\"><a href=\"https:\/\/www.d-unas.com\/wp-content\/uploads\/2021\/08\/metalicos-2.png\" rel=\"noreferrer\" data-rel=\"iLightbox[gallery_image_4]\" class=\"fusion-lightbox\" target=\"_self\"><div style=\"padding-top:calc((100% + 4px) * 0.8 - 2.5px);background-position:;\" class=\"fusion-masonry-element-container lazyload\" data-bg=\"https:\/\/www.d-unas.com\/wp-content\/uploads\/2021\/08\/metalicos-2.png\"><img decoding=\"async\" src=\"https:\/\/www.d-unas.com\/wp-content\/uploads\/2021\/08\/metalicos-2.png\" data-orig-src=\"https:\/\/www.d-unas.com\/wp-content\/uploads\/2021\/08\/metalicos-2.png\" width=\"600\" height=\"595\" alt=\"\" title=\"metalicos 2\" aria-label=\"metalicos 2\" class=\"lazyload img-responsive wp-image-5412\" srcset=\"data:image\/svg+xml,%3Csvg%20xmlns%3D%27http%3A%2F%2Fwww.w3.org%2F2000%2Fsvg%27%20width%3D%27600%27%20height%3D%27595%27%20viewBox%3D%270%200%20600%20595%27%3E%3Crect%20width%3D%27600%27%20height%3D%27595%27%20fill-opacity%3D%220%22%2F%3E%3C%2Fsvg%3E\" data-srcset=\"https:\/\/www.d-unas.com\/wp-content\/uploads\/2021\/08\/metalicos-2-200x198.png 200w, https:\/\/www.d-unas.com\/wp-content\/uploads\/2021\/08\/metalicos-2-400x397.png 400w, https:\/\/www.d-unas.com\/wp-content\/uploads\/2021\/08\/metalicos-2.png 600w\" data-sizes=\"auto\" data-orig-sizes=\"(min-width: 2200px) 100vw, (min-width: 712px) 684px, (min-width: 640px) 712px, \" \/><\/div><\/a><\/div><\/div><\/div><\/div><\/div><\/div><div class=\"fusion-layout-column fusion_builder_column fusion-builder-column-10 fusion_builder_column_1_2 1_2 fusion-flex-column\" style=\"--awb-bg-size:cover;--awb-width-large:50%;--awb-margin-top-large:0px;--awb-spacing-right-large:0px;--awb-margin-bottom-large:0px;--awb-spacing-left-large:0px;--awb-width-medium:60%;--awb-spacing-right-medium:0px;--awb-spacing-left-medium:0px;--awb-width-small:100%;--awb-spacing-right-small:0px;--awb-spacing-left-small:0px;\"><div class=\"fusion-column-wrapper fusion-flex-justify-content-flex-start fusion-content-layout-column\"><div class=\"fusion-title title fusion-title-5 fusion-sep-none fusion-title-text fusion-title-size-two\" style=\"--awb-margin-bottom:4%;--awb-font-size:32px;\"><h2 class=\"fusion-title-heading title-heading-left fusion-responsive-typography-calculated\" style=\"margin:0;font-size:1em;--fontSize:32;line-height:1.1;\">\u00a1Mucho color!<\/h2><\/div><div class=\"fusion-text fusion-text-7\"><p>El verano no es verano sin colores alegres y divertidos. Esta temporada, si eliges el cl\u00e1sico rojo, atemporal y seductor, recuerda combinarlo con tu l\u00e1piz labial rojo favorito. Y m\u00e1s all\u00e1 de los rojos, imagina toda una paleta de posibilidades infinitas. Un tono de esmalte de u\u00f1as azul el\u00e9ctrico nos hacen so\u00f1ar ya con cielos despejados y mares c\u00e1lidos. Pintar tus u\u00f1as en distintos tonos arco\u00edris fue una tendencia el pasado verano, pero parece que continuar\u00e1 en 2020. Para un enfoque s\u00faper moderno de la tendencia, vemos formas geom\u00e9tricas en las u\u00f1as pintando solo la mitad con un color.<\/p>\n<\/div><\/div><\/div><div class=\"fusion-layout-column fusion_builder_column fusion-builder-column-11 fusion_builder_column_1_1 1_1 fusion-flex-column\" style=\"--awb-bg-size:cover;--awb-width-large:100%;--awb-margin-top-large:80px;--awb-spacing-right-large:0px;--awb-margin-bottom-large:80px;--awb-spacing-left-large:0px;--awb-width-medium:100%;--awb-spacing-right-medium:0px;--awb-spacing-left-medium:0px;--awb-width-small:100%;--awb-margin-top-small:30px;--awb-spacing-right-small:0px;--awb-margin-bottom-small:30px;--awb-spacing-left-small:0px;\"><div class=\"fusion-column-wrapper fusion-flex-justify-content-flex-start fusion-content-layout-column\"><div class=\"awb-gallery-wrapper awb-gallery-wrapper-5 button-span-no\"><div style=\"margin:-2px;--awb-bordersize:0px;--awb-border-radius:8px;\" class=\"fusion-gallery fusion-gallery-container fusion-grid-4 fusion-columns-total-4 fusion-gallery-layout-masonry fusion-gallery-5\"><div class=\"fusion-grid-column fusion-gallery-column fusion-gallery-column-4 hover-type-none fusion-element-grid fusion-grid-sizer\"><\/div><div style=\"padding:2.5px;\" class=\"fusion-grid-column fusion-gallery-column fusion-gallery-column-4 hover-type-none fusion-element-grid\"><div class=\"fusion-gallery-image\"><a href=\"https:\/\/www.d-unas.com\/wp-content\/uploads\/2021\/08\/color-1.jpg\" rel=\"noreferrer\" data-rel=\"iLightbox[gallery_image_5]\" class=\"fusion-lightbox\" target=\"_self\"><div style=\"padding-top:calc((100% + 4px) * 0.8 - 2.5px);background-position:;\" class=\"fusion-masonry-element-container lazyload\" data-bg=\"https:\/\/www.d-unas.com\/wp-content\/uploads\/2021\/08\/color-1.jpg\"><img decoding=\"async\" src=\"https:\/\/www.d-unas.com\/wp-content\/uploads\/2021\/08\/color-1.jpg\" data-orig-src=\"https:\/\/www.d-unas.com\/wp-content\/uploads\/2021\/08\/color-1.jpg\" width=\"300\" height=\"449\" alt=\"\" title=\"color 1\" aria-label=\"color 1\" class=\"lazyload img-responsive wp-image-5420\" srcset=\"data:image\/svg+xml,%3Csvg%20xmlns%3D%27http%3A%2F%2Fwww.w3.org%2F2000%2Fsvg%27%20width%3D%27300%27%20height%3D%27449%27%20viewBox%3D%270%200%20300%20449%27%3E%3Crect%20width%3D%27300%27%20height%3D%27449%27%20fill-opacity%3D%220%22%2F%3E%3C%2Fsvg%3E\" data-srcset=\"https:\/\/www.d-unas.com\/wp-content\/uploads\/2021\/08\/color-1-200x299.jpg 200w, https:\/\/www.d-unas.com\/wp-content\/uploads\/2021\/08\/color-1.jpg 300w\" data-sizes=\"auto\" data-orig-sizes=\"(min-width: 2200px) 100vw, (min-width: 856px) 341px, (min-width: 784px) 455px, (min-width: 712px) 682px, (min-width: 640px) 712px, \" \/><\/div><\/a><\/div><\/div><div style=\"padding:2.5px;\" class=\"fusion-grid-column fusion-gallery-column fusion-gallery-column-4 hover-type-none fusion-element-grid\"><div class=\"fusion-gallery-image\"><a href=\"https:\/\/www.d-unas.com\/wp-content\/uploads\/2021\/08\/color-2.png\" rel=\"noreferrer\" data-rel=\"iLightbox[gallery_image_5]\" class=\"fusion-lightbox\" target=\"_self\"><div style=\"padding-top:calc((100% + 4px) * 0.8 - 2.5px);background-position:;\" class=\"fusion-masonry-element-container lazyload\" data-bg=\"https:\/\/www.d-unas.com\/wp-content\/uploads\/2021\/08\/color-2.png\"><img decoding=\"async\" src=\"https:\/\/www.d-unas.com\/wp-content\/uploads\/2021\/08\/color-2.png\" data-orig-src=\"https:\/\/www.d-unas.com\/wp-content\/uploads\/2021\/08\/color-2.png\" width=\"400\" height=\"456\" alt=\"\" title=\"color 2\" aria-label=\"color 2\" class=\"lazyload img-responsive wp-image-5424\" srcset=\"data:image\/svg+xml,%3Csvg%20xmlns%3D%27http%3A%2F%2Fwww.w3.org%2F2000%2Fsvg%27%20width%3D%27400%27%20height%3D%27456%27%20viewBox%3D%270%200%20400%20456%27%3E%3Crect%20width%3D%27400%27%20height%3D%27456%27%20fill-opacity%3D%220%22%2F%3E%3C%2Fsvg%3E\" data-srcset=\"https:\/\/www.d-unas.com\/wp-content\/uploads\/2021\/08\/color-2-200x228.png 200w, https:\/\/www.d-unas.com\/wp-content\/uploads\/2021\/08\/color-2.png 400w\" data-sizes=\"auto\" data-orig-sizes=\"(min-width: 2200px) 100vw, (min-width: 856px) 341px, (min-width: 784px) 455px, (min-width: 712px) 682px, (min-width: 640px) 712px, \" \/><\/div><\/a><\/div><\/div><div style=\"padding:2.5px;\" class=\"fusion-grid-column fusion-gallery-column fusion-gallery-column-4 hover-type-none fusion-element-grid\"><div class=\"fusion-gallery-image\"><a href=\"https:\/\/www.d-unas.com\/wp-content\/uploads\/2021\/08\/color-3.png\" rel=\"noreferrer\" data-rel=\"iLightbox[gallery_image_5]\" class=\"fusion-lightbox\" target=\"_self\"><div style=\"padding-top:calc((100% + 4px) * 0.8 - 2.5px);background-position:;\" class=\"fusion-masonry-element-container lazyload\" data-bg=\"https:\/\/www.d-unas.com\/wp-content\/uploads\/2021\/08\/color-3.png\"><img decoding=\"async\" src=\"https:\/\/www.d-unas.com\/wp-content\/uploads\/2021\/08\/color-3.png\" data-orig-src=\"https:\/\/www.d-unas.com\/wp-content\/uploads\/2021\/08\/color-3.png\" width=\"300\" height=\"404\" alt=\"\" title=\"color 3\" aria-label=\"color 3\" class=\"lazyload img-responsive wp-image-5428\" srcset=\"data:image\/svg+xml,%3Csvg%20xmlns%3D%27http%3A%2F%2Fwww.w3.org%2F2000%2Fsvg%27%20width%3D%27300%27%20height%3D%27404%27%20viewBox%3D%270%200%20300%20404%27%3E%3Crect%20width%3D%27300%27%20height%3D%27404%27%20fill-opacity%3D%220%22%2F%3E%3C%2Fsvg%3E\" data-srcset=\"https:\/\/www.d-unas.com\/wp-content\/uploads\/2021\/08\/color-3-200x269.png 200w, https:\/\/www.d-unas.com\/wp-content\/uploads\/2021\/08\/color-3.png 300w\" data-sizes=\"auto\" data-orig-sizes=\"(min-width: 2200px) 100vw, (min-width: 856px) 341px, (min-width: 784px) 455px, (min-width: 712px) 682px, (min-width: 640px) 712px, \" \/><\/div><\/a><\/div><\/div><div style=\"padding:2.5px;\" class=\"fusion-grid-column fusion-gallery-column fusion-gallery-column-4 hover-type-none fusion-element-grid\"><div class=\"fusion-gallery-image\"><a href=\"https:\/\/www.d-unas.com\/wp-content\/uploads\/2021\/08\/color-4.jpg\" rel=\"noreferrer\" data-rel=\"iLightbox[gallery_image_5]\" class=\"fusion-lightbox\" target=\"_self\"><div style=\"padding-top:calc((100% + 4px) * 0.8 - 2.5px);background-position:;\" class=\"fusion-masonry-element-container lazyload\" data-bg=\"https:\/\/www.d-unas.com\/wp-content\/uploads\/2021\/08\/color-4.jpg\"><img decoding=\"async\" src=\"data:image\/svg+xml,%3Csvg%20xmlns%3D%27http%3A%2F%2Fwww.w3.org%2F2000%2Fsvg%27%20width%3D%27200%27%20height%3D%27392%27%20viewBox%3D%270%200%20200%20392%27%3E%3Crect%20width%3D%27200%27%20height%3D%27392%27%20fill-opacity%3D%220%22%2F%3E%3C%2Fsvg%3E\" data-orig-src=\"https:\/\/www.d-unas.com\/wp-content\/uploads\/2021\/08\/color-4.jpg\" width=\"200\" height=\"392\" alt=\"\" title=\"color 4\" aria-label=\"color 4\" class=\"lazyload img-responsive wp-image-5416\"  \/><\/div><\/a><\/div><\/div><\/div><\/div><\/div><\/div><div class=\"fusion-layout-column fusion_builder_column fusion-builder-column-12 fusion_builder_column_1_2 1_2 fusion-flex-column\" style=\"--awb-bg-size:cover;--awb-width-large:50%;--awb-margin-top-large:0px;--awb-spacing-right-large:0px;--awb-margin-bottom-large:0px;--awb-spacing-left-large:0px;--awb-width-medium:60%;--awb-spacing-right-medium:0px;--awb-spacing-left-medium:0px;--awb-width-small:100%;--awb-spacing-right-small:0px;--awb-spacing-left-small:0px;\"><div class=\"fusion-column-wrapper fusion-flex-justify-content-flex-start fusion-content-layout-column\"><div class=\"fusion-title title fusion-title-6 fusion-sep-none fusion-title-text fusion-title-size-two\" style=\"--awb-margin-bottom:4%;--awb-font-size:32px;\"><h2 class=\"fusion-title-heading title-heading-left fusion-responsive-typography-calculated\" style=\"margin:0;font-size:1em;--fontSize:32;line-height:1.1;\">Desnudas (casi)<\/h2><\/div><div class=\"fusion-text fusion-text-8\"><p>Las u\u00f1as bien cuidadas pero desnudas siempre estar\u00e1n presentes dentro y fuera de las pasarelas. El secreto detr\u00e1s de los manicuras que ver\u00e1s siguiendo esta tendencia, es el uso de una capa superior brillante para evitar la suciedad y agregar un saludable brillo. Mantener las u\u00f1as en buen estado requiere un mantenimiento regular. Recuerda tener siempre a mano aceite de cut\u00edcula.<\/p>\n<\/div><\/div><\/div><div class=\"fusion-layout-column fusion_builder_column fusion-builder-column-13 fusion_builder_column_1_1 1_1 fusion-flex-column\" style=\"--awb-bg-size:cover;--awb-width-large:100%;--awb-margin-top-large:80px;--awb-spacing-right-large:0px;--awb-margin-bottom-large:80px;--awb-spacing-left-large:0px;--awb-width-medium:100%;--awb-spacing-right-medium:0px;--awb-spacing-left-medium:0px;--awb-width-small:100%;--awb-margin-top-small:30px;--awb-spacing-right-small:0px;--awb-margin-bottom-small:30px;--awb-spacing-left-small:0px;\"><div class=\"fusion-column-wrapper fusion-flex-justify-content-flex-start fusion-content-layout-column\"><div class=\"fusion-image-element \" style=\"text-align:center;--awb-caption-title-font-family:var(--h2_typography-font-family);--awb-caption-title-font-weight:var(--h2_typography-font-weight);--awb-caption-title-font-style:var(--h2_typography-font-style);--awb-caption-title-size:var(--h2_typography-font-size);--awb-caption-title-transform:var(--h2_typography-text-transform);--awb-caption-title-line-height:var(--h2_typography-line-height);--awb-caption-title-letter-spacing:var(--h2_typography-letter-spacing);\"><span class=\" fusion-imageframe imageframe-none imageframe-2 hover-type-none\" style=\"border-radius:8px;\"><img decoding=\"async\" width=\"300\" height=\"450\" title=\"desnudas\" src=\"https:\/\/www.d-unas.com\/wp-content\/uploads\/2021\/08\/desnudas.jpg\" data-orig-src=\"https:\/\/www.d-unas.com\/wp-content\/uploads\/2021\/08\/desnudas.jpg\" alt class=\"lazyload img-responsive wp-image-8654\" srcset=\"data:image\/svg+xml,%3Csvg%20xmlns%3D%27http%3A%2F%2Fwww.w3.org%2F2000%2Fsvg%27%20width%3D%27300%27%20height%3D%27450%27%20viewBox%3D%270%200%20300%20450%27%3E%3Crect%20width%3D%27300%27%20height%3D%27450%27%20fill-opacity%3D%220%22%2F%3E%3C%2Fsvg%3E\" data-srcset=\"https:\/\/www.d-unas.com\/wp-content\/uploads\/2021\/08\/desnudas-200x300.jpg 200w, https:\/\/www.d-unas.com\/wp-content\/uploads\/2021\/08\/desnudas.jpg 300w\" data-sizes=\"auto\" data-orig-sizes=\"(max-width: 680px) 100vw, 300px\" \/><\/span><\/div><\/div><\/div><div class=\"fusion-layout-column fusion_builder_column fusion-builder-column-14 fusion_builder_column_1_2 1_2 fusion-flex-column\" style=\"--awb-bg-size:cover;--awb-width-large:50%;--awb-margin-top-large:0px;--awb-spacing-right-large:0px;--awb-margin-bottom-large:0px;--awb-spacing-left-large:0px;--awb-width-medium:60%;--awb-spacing-right-medium:0px;--awb-spacing-left-medium:0px;--awb-width-small:100%;--awb-spacing-right-small:0px;--awb-spacing-left-small:0px;\"><div class=\"fusion-column-wrapper fusion-flex-justify-content-flex-start fusion-content-layout-column\"><div class=\"fusion-title title fusion-title-7 fusion-sep-none fusion-title-text fusion-title-size-two\" style=\"--awb-margin-bottom:4%;--awb-font-size:32px;\"><h2 class=\"fusion-title-heading title-heading-left fusion-responsive-typography-calculated\" style=\"margin:0;font-size:1em;--fontSize:32;line-height:1.1;\">U\u00f1as redondeadas<\/h2><\/div><div class=\"fusion-text fusion-text-9\"><p>Pide a tu manicurista que te lime las esquinas de tus u\u00f1as para obtener un acabado cuadrado redondeado, es tendencia!. Las u\u00f1as redondeadas se ven especialmente bonitas con un toque de brillo, as\u00ed que elige por ejemplo un esmalte de u\u00f1as rosa p\u00e1lido que refleje la luz del sol.<\/p>\n<\/div><\/div><\/div><div class=\"fusion-layout-column fusion_builder_column fusion-builder-column-15 fusion_builder_column_1_1 1_1 fusion-flex-column\" style=\"--awb-bg-size:cover;--awb-width-large:100%;--awb-margin-top-large:80px;--awb-spacing-right-large:0px;--awb-margin-bottom-large:80px;--awb-spacing-left-large:0px;--awb-width-medium:100%;--awb-spacing-right-medium:0px;--awb-spacing-left-medium:0px;--awb-width-small:100%;--awb-margin-top-small:30px;--awb-spacing-right-small:0px;--awb-margin-bottom-small:30px;--awb-spacing-left-small:0px;\"><div class=\"fusion-column-wrapper fusion-flex-justify-content-flex-start fusion-content-layout-column\"><div class=\"fusion-image-element \" style=\"text-align:center;--awb-caption-title-font-family:var(--h2_typography-font-family);--awb-caption-title-font-weight:var(--h2_typography-font-weight);--awb-caption-title-font-style:var(--h2_typography-font-style);--awb-caption-title-size:var(--h2_typography-font-size);--awb-caption-title-transform:var(--h2_typography-text-transform);--awb-caption-title-line-height:var(--h2_typography-line-height);--awb-caption-title-letter-spacing:var(--h2_typography-letter-spacing);\"><span class=\" fusion-imageframe imageframe-none imageframe-3 hover-type-none\" style=\"border-radius:8px;\"><img decoding=\"async\" width=\"300\" height=\"450\" title=\"redondeadas\" src=\"https:\/\/www.d-unas.com\/wp-content\/uploads\/2021\/08\/redondeadas.jpg\" data-orig-src=\"https:\/\/www.d-unas.com\/wp-content\/uploads\/2021\/08\/redondeadas.jpg\" alt class=\"lazyload img-responsive wp-image-8625\" srcset=\"data:image\/svg+xml,%3Csvg%20xmlns%3D%27http%3A%2F%2Fwww.w3.org%2F2000%2Fsvg%27%20width%3D%27300%27%20height%3D%27450%27%20viewBox%3D%270%200%20300%20450%27%3E%3Crect%20width%3D%27300%27%20height%3D%27450%27%20fill-opacity%3D%220%22%2F%3E%3C%2Fsvg%3E\" data-srcset=\"https:\/\/www.d-unas.com\/wp-content\/uploads\/2021\/08\/redondeadas-200x300.jpg 200w, https:\/\/www.d-unas.com\/wp-content\/uploads\/2021\/08\/redondeadas.jpg 300w\" data-sizes=\"auto\" data-orig-sizes=\"(max-width: 680px) 100vw, 300px\" \/><\/span><\/div><\/div><\/div><div class=\"fusion-layout-column fusion_builder_column fusion-builder-column-16 fusion_builder_column_1_2 1_2 fusion-flex-column\" style=\"--awb-bg-size:cover;--awb-width-large:50%;--awb-margin-top-large:0px;--awb-spacing-right-large:0px;--awb-margin-bottom-large:0px;--awb-spacing-left-large:0px;--awb-width-medium:60%;--awb-spacing-right-medium:0px;--awb-spacing-left-medium:0px;--awb-width-small:100%;--awb-spacing-right-small:0px;--awb-spacing-left-small:0px;\"><div class=\"fusion-column-wrapper fusion-flex-justify-content-flex-start fusion-content-layout-column\"><div class=\"fusion-text fusion-text-10\"><p>Esperamos hayas tomado buena nota de las tendencias de manicura para esta primavera-verano 2020. Ya sabes, infinitas posibilidades y colores para lucir! <a href=\"https:\/\/www.d-unas.com\/cita-online\/\">Pide cita aqu\u00ed<\/a> ahora para empezar la primavera con unas manos perfectas!<\/p>\n<p>\u00a1Nos vemos pronto!<\/p>\n<\/div><\/div><\/div><\/div><\/div>\n","protected":false},"excerpt":{"rendered":"<p>Toda la inspiraci\u00f3n que necesitas para tus u\u00f1as. Francesa invertida, detalles minimalistas, manicura redondeada y mucho color. Ponte estos looks antes que tus amigas.<\/p>\n","protected":false},"author":26,"featured_media":8626,"comment_status":"closed","ping_status":"closed","sticky":false,"template":"","format":"standard","meta":{"content-type":"","footnotes":""},"categories":[292],"tags":[],"class_list":["post-8616","post","type-post","status-publish","format-standard","has-post-thumbnail","hentry","category-belleza-cl"],"yoast_head":"<!-- This site is optimized with the Yoast SEO plugin v23.0 - https:\/\/yoast.com\/wordpress\/plugins\/seo\/ -->\n<title>7 Tendencias de manicura para primavera-verano \u00a1Insp\u00edrate!<\/title>\n<meta name=\"description\" content=\"La inspiraci\u00f3n que necesitas para tus u\u00f1as. Francesa invertida, manicura redondeada y color. \u00a1Ponte estos looks antes que tus amigas!\" \/>\n<meta name=\"robots\" content=\"index, follow, max-snippet:-1, max-image-preview:large, max-video-preview:-1\" \/>\n<link rel=\"canonical\" href=\"https:\/\/www.d-unas.com\/cl\/7-tendencias-de-manicura-para-esta-primavera-verano-2020\/\" \/>\n<meta property=\"og:locale\" content=\"es_ES\" \/>\n<meta property=\"og:type\" content=\"article\" \/>\n<meta property=\"og:title\" content=\"7 Tendencias de manicura para primavera-verano \u00a1Insp\u00edrate!\" \/>\n<meta property=\"og:description\" content=\"La inspiraci\u00f3n que necesitas para tus u\u00f1as. Francesa invertida, manicura redondeada y color. \u00a1Ponte estos looks antes que tus amigas!\" \/>\n<meta property=\"og:url\" content=\"https:\/\/www.d-unas.com\/cl\/7-tendencias-de-manicura-para-esta-primavera-verano-2020\/\" \/>\n<meta property=\"og:site_name\" content=\"d-u\u00f1as nails &amp; beauty\" \/>\n<meta property=\"article:published_time\" content=\"2021-08-18T08:27:58+00:00\" \/>\n<meta property=\"article:modified_time\" content=\"2021-09-29T11:32:23+00:00\" \/>\n<meta property=\"og:image\" content=\"https:\/\/www.d-unas.com\/wp-content\/uploads\/2021\/08\/cabecera-852X568-2.jpg\" \/>\n\t<meta property=\"og:image:width\" content=\"852\" \/>\n\t<meta property=\"og:image:height\" content=\"568\" \/>\n\t<meta property=\"og:image:type\" content=\"image\/jpeg\" \/>\n<meta name=\"author\" content=\"d-u\u00f1as\" \/>\n<meta name=\"twitter:card\" content=\"summary_large_image\" \/>\n<meta name=\"twitter:label1\" content=\"Escrito por\" \/>\n\t<meta name=\"twitter:data1\" content=\"d-u\u00f1as\" \/>\n\t<meta name=\"twitter:label2\" content=\"Tiempo estimado de lectura\" \/>\n\t<meta name=\"twitter:data2\" content=\"26 minutos\" \/>\n<script type=\"application\/ld+json\" class=\"yoast-schema-graph\">{\"@context\":\"https:\/\/schema.org\",\"@graph\":[{\"@type\":\"Article\",\"@id\":\"https:\/\/www.d-unas.com\/cl\/7-tendencias-de-manicura-para-esta-primavera-verano-2020\/#article\",\"isPartOf\":{\"@id\":\"https:\/\/www.d-unas.com\/cl\/7-tendencias-de-manicura-para-esta-primavera-verano-2020\/\"},\"author\":{\"name\":\"d-u\u00f1as\",\"@id\":\"https:\/\/www.d-unas.com\/cl\/#\/schema\/person\/33aa5b346c6e464bcd9c5c754528748d\"},\"headline\":\"7 Tendencias de manicura para esta primavera-verano 2020\",\"datePublished\":\"2021-08-18T08:27:58+00:00\",\"dateModified\":\"2021-09-29T11:32:23+00:00\",\"mainEntityOfPage\":{\"@id\":\"https:\/\/www.d-unas.com\/cl\/7-tendencias-de-manicura-para-esta-primavera-verano-2020\/\"},\"wordCount\":5176,\"publisher\":{\"@id\":\"https:\/\/www.d-unas.com\/cl\/#organization\"},\"image\":{\"@id\":\"https:\/\/www.d-unas.com\/cl\/7-tendencias-de-manicura-para-esta-primavera-verano-2020\/#primaryimage\"},\"thumbnailUrl\":\"https:\/\/www.d-unas.com\/wp-content\/uploads\/2021\/08\/cabecera-852X568-2.jpg\",\"articleSection\":[\"Belleza\"],\"inLanguage\":\"es-CL\"},{\"@type\":\"WebPage\",\"@id\":\"https:\/\/www.d-unas.com\/cl\/7-tendencias-de-manicura-para-esta-primavera-verano-2020\/\",\"url\":\"https:\/\/www.d-unas.com\/cl\/7-tendencias-de-manicura-para-esta-primavera-verano-2020\/\",\"name\":\"7 Tendencias de manicura para primavera-verano \u00a1Insp\u00edrate!\",\"isPartOf\":{\"@id\":\"https:\/\/www.d-unas.com\/cl\/#website\"},\"primaryImageOfPage\":{\"@id\":\"https:\/\/www.d-unas.com\/cl\/7-tendencias-de-manicura-para-esta-primavera-verano-2020\/#primaryimage\"},\"image\":{\"@id\":\"https:\/\/www.d-unas.com\/cl\/7-tendencias-de-manicura-para-esta-primavera-verano-2020\/#primaryimage\"},\"thumbnailUrl\":\"https:\/\/www.d-unas.com\/wp-content\/uploads\/2021\/08\/cabecera-852X568-2.jpg\",\"datePublished\":\"2021-08-18T08:27:58+00:00\",\"dateModified\":\"2021-09-29T11:32:23+00:00\",\"description\":\"La inspiraci\u00f3n que necesitas para tus u\u00f1as. Francesa invertida, manicura redondeada y color. \u00a1Ponte estos looks antes que tus amigas!\",\"breadcrumb\":{\"@id\":\"https:\/\/www.d-unas.com\/cl\/7-tendencias-de-manicura-para-esta-primavera-verano-2020\/#breadcrumb\"},\"inLanguage\":\"es-CL\",\"potentialAction\":[{\"@type\":\"ReadAction\",\"target\":[\"https:\/\/www.d-unas.com\/cl\/7-tendencias-de-manicura-para-esta-primavera-verano-2020\/\"]}]},{\"@type\":\"ImageObject\",\"inLanguage\":\"es-CL\",\"@id\":\"https:\/\/www.d-unas.com\/cl\/7-tendencias-de-manicura-para-esta-primavera-verano-2020\/#primaryimage\",\"url\":\"https:\/\/www.d-unas.com\/wp-content\/uploads\/2021\/08\/cabecera-852X568-2.jpg\",\"contentUrl\":\"https:\/\/www.d-unas.com\/wp-content\/uploads\/2021\/08\/cabecera-852X568-2.jpg\",\"width\":852,\"height\":568},{\"@type\":\"BreadcrumbList\",\"@id\":\"https:\/\/www.d-unas.com\/cl\/7-tendencias-de-manicura-para-esta-primavera-verano-2020\/#breadcrumb\",\"itemListElement\":[{\"@type\":\"ListItem\",\"position\":1,\"name\":\"Portada\",\"item\":\"https:\/\/www.d-unas.com\/cl\/\"},{\"@type\":\"ListItem\",\"position\":2,\"name\":\"7 Tendencias de manicura para esta primavera-verano 2020\"}]},{\"@type\":\"WebSite\",\"@id\":\"https:\/\/www.d-unas.com\/cl\/#website\",\"url\":\"https:\/\/www.d-unas.com\/cl\/\",\"name\":\"d-u\u00f1as nails &amp; beauty\",\"description\":\"La marca original de belleza de manos &amp; pies\",\"publisher\":{\"@id\":\"https:\/\/www.d-unas.com\/cl\/#organization\"},\"potentialAction\":[{\"@type\":\"SearchAction\",\"target\":{\"@type\":\"EntryPoint\",\"urlTemplate\":\"https:\/\/www.d-unas.com\/cl\/?s={search_term_string}\"},\"query-input\":\"required name=search_term_string\"}],\"inLanguage\":\"es-CL\"},{\"@type\":\"Organization\",\"@id\":\"https:\/\/www.d-unas.com\/cl\/#organization\",\"name\":\"d-u\u00f1as nails & beauty\",\"url\":\"https:\/\/www.d-unas.com\/cl\/\",\"logo\":{\"@type\":\"ImageObject\",\"inLanguage\":\"es-CL\",\"@id\":\"https:\/\/www.d-unas.com\/cl\/#\/schema\/logo\/image\/\",\"url\":\"https:\/\/www.d-unas.com\/wp-content\/uploads\/2021\/09\/versiones-logo_3.png\",\"contentUrl\":\"https:\/\/www.d-unas.com\/wp-content\/uploads\/2021\/09\/versiones-logo_3.png\",\"width\":843,\"height\":596,\"caption\":\"d-u\u00f1as nails & beauty\"},\"image\":{\"@id\":\"https:\/\/www.d-unas.com\/cl\/#\/schema\/logo\/image\/\"}},{\"@type\":\"Person\",\"@id\":\"https:\/\/www.d-unas.com\/cl\/#\/schema\/person\/33aa5b346c6e464bcd9c5c754528748d\",\"name\":\"d-u\u00f1as\",\"image\":{\"@type\":\"ImageObject\",\"inLanguage\":\"es-CL\",\"@id\":\"https:\/\/www.d-unas.com\/cl\/#\/schema\/person\/image\/\",\"url\":\"https:\/\/secure.gravatar.com\/avatar\/0cfd061d86e6489568ff777383184b6b4c1ff29b4759346df4eea32eac094696?s=96&d=mm&r=g\",\"contentUrl\":\"https:\/\/secure.gravatar.com\/avatar\/0cfd061d86e6489568ff777383184b6b4c1ff29b4759346df4eea32eac094696?s=96&d=mm&r=g\",\"caption\":\"d-u\u00f1as\"}}]}<\/script>\n<!-- \/ Yoast SEO plugin. -->","yoast_head_json":{"title":"7 Tendencias de manicura para primavera-verano \u00a1Insp\u00edrate!","description":"La inspiraci\u00f3n que necesitas para tus u\u00f1as. Francesa invertida, manicura redondeada y color. \u00a1Ponte estos looks antes que tus amigas!","robots":{"index":"index","follow":"follow","max-snippet":"max-snippet:-1","max-image-preview":"max-image-preview:large","max-video-preview":"max-video-preview:-1"},"canonical":"https:\/\/www.d-unas.com\/cl\/7-tendencias-de-manicura-para-esta-primavera-verano-2020\/","og_locale":"es_ES","og_type":"article","og_title":"7 Tendencias de manicura para primavera-verano \u00a1Insp\u00edrate!","og_description":"La inspiraci\u00f3n que necesitas para tus u\u00f1as. Francesa invertida, manicura redondeada y color. \u00a1Ponte estos looks antes que tus amigas!","og_url":"https:\/\/www.d-unas.com\/cl\/7-tendencias-de-manicura-para-esta-primavera-verano-2020\/","og_site_name":"d-u\u00f1as nails &amp; beauty","article_published_time":"2021-08-18T08:27:58+00:00","article_modified_time":"2021-09-29T11:32:23+00:00","og_image":[{"width":852,"height":568,"url":"https:\/\/www.d-unas.com\/wp-content\/uploads\/2021\/08\/cabecera-852X568-2.jpg","type":"image\/jpeg"}],"author":"d-u\u00f1as","twitter_card":"summary_large_image","twitter_misc":{"Escrito por":"d-u\u00f1as","Tiempo estimado de lectura":"26 minutos"},"schema":{"@context":"https:\/\/schema.org","@graph":[{"@type":"Article","@id":"https:\/\/www.d-unas.com\/cl\/7-tendencias-de-manicura-para-esta-primavera-verano-2020\/#article","isPartOf":{"@id":"https:\/\/www.d-unas.com\/cl\/7-tendencias-de-manicura-para-esta-primavera-verano-2020\/"},"author":{"name":"d-u\u00f1as","@id":"https:\/\/www.d-unas.com\/cl\/#\/schema\/person\/33aa5b346c6e464bcd9c5c754528748d"},"headline":"7 Tendencias de manicura para esta primavera-verano 2020","datePublished":"2021-08-18T08:27:58+00:00","dateModified":"2021-09-29T11:32:23+00:00","mainEntityOfPage":{"@id":"https:\/\/www.d-unas.com\/cl\/7-tendencias-de-manicura-para-esta-primavera-verano-2020\/"},"wordCount":5176,"publisher":{"@id":"https:\/\/www.d-unas.com\/cl\/#organization"},"image":{"@id":"https:\/\/www.d-unas.com\/cl\/7-tendencias-de-manicura-para-esta-primavera-verano-2020\/#primaryimage"},"thumbnailUrl":"https:\/\/www.d-unas.com\/wp-content\/uploads\/2021\/08\/cabecera-852X568-2.jpg","articleSection":["Belleza"],"inLanguage":"es-CL"},{"@type":"WebPage","@id":"https:\/\/www.d-unas.com\/cl\/7-tendencias-de-manicura-para-esta-primavera-verano-2020\/","url":"https:\/\/www.d-unas.com\/cl\/7-tendencias-de-manicura-para-esta-primavera-verano-2020\/","name":"7 Tendencias de manicura para primavera-verano \u00a1Insp\u00edrate!","isPartOf":{"@id":"https:\/\/www.d-unas.com\/cl\/#website"},"primaryImageOfPage":{"@id":"https:\/\/www.d-unas.com\/cl\/7-tendencias-de-manicura-para-esta-primavera-verano-2020\/#primaryimage"},"image":{"@id":"https:\/\/www.d-unas.com\/cl\/7-tendencias-de-manicura-para-esta-primavera-verano-2020\/#primaryimage"},"thumbnailUrl":"https:\/\/www.d-unas.com\/wp-content\/uploads\/2021\/08\/cabecera-852X568-2.jpg","datePublished":"2021-08-18T08:27:58+00:00","dateModified":"2021-09-29T11:32:23+00:00","description":"La inspiraci\u00f3n que necesitas para tus u\u00f1as. Francesa invertida, manicura redondeada y color. \u00a1Ponte estos looks antes que tus amigas!","breadcrumb":{"@id":"https:\/\/www.d-unas.com\/cl\/7-tendencias-de-manicura-para-esta-primavera-verano-2020\/#breadcrumb"},"inLanguage":"es-CL","potentialAction":[{"@type":"ReadAction","target":["https:\/\/www.d-unas.com\/cl\/7-tendencias-de-manicura-para-esta-primavera-verano-2020\/"]}]},{"@type":"ImageObject","inLanguage":"es-CL","@id":"https:\/\/www.d-unas.com\/cl\/7-tendencias-de-manicura-para-esta-primavera-verano-2020\/#primaryimage","url":"https:\/\/www.d-unas.com\/wp-content\/uploads\/2021\/08\/cabecera-852X568-2.jpg","contentUrl":"https:\/\/www.d-unas.com\/wp-content\/uploads\/2021\/08\/cabecera-852X568-2.jpg","width":852,"height":568},{"@type":"BreadcrumbList","@id":"https:\/\/www.d-unas.com\/cl\/7-tendencias-de-manicura-para-esta-primavera-verano-2020\/#breadcrumb","itemListElement":[{"@type":"ListItem","position":1,"name":"Portada","item":"https:\/\/www.d-unas.com\/cl\/"},{"@type":"ListItem","position":2,"name":"7 Tendencias de manicura para esta primavera-verano 2020"}]},{"@type":"WebSite","@id":"https:\/\/www.d-unas.com\/cl\/#website","url":"https:\/\/www.d-unas.com\/cl\/","name":"d-u\u00f1as nails &amp; beauty","description":"La marca original de belleza de manos &amp; pies","publisher":{"@id":"https:\/\/www.d-unas.com\/cl\/#organization"},"potentialAction":[{"@type":"SearchAction","target":{"@type":"EntryPoint","urlTemplate":"https:\/\/www.d-unas.com\/cl\/?s={search_term_string}"},"query-input":"required name=search_term_string"}],"inLanguage":"es-CL"},{"@type":"Organization","@id":"https:\/\/www.d-unas.com\/cl\/#organization","name":"d-u\u00f1as nails & beauty","url":"https:\/\/www.d-unas.com\/cl\/","logo":{"@type":"ImageObject","inLanguage":"es-CL","@id":"https:\/\/www.d-unas.com\/cl\/#\/schema\/logo\/image\/","url":"https:\/\/www.d-unas.com\/wp-content\/uploads\/2021\/09\/versiones-logo_3.png","contentUrl":"https:\/\/www.d-unas.com\/wp-content\/uploads\/2021\/09\/versiones-logo_3.png","width":843,"height":596,"caption":"d-u\u00f1as nails & beauty"},"image":{"@id":"https:\/\/www.d-unas.com\/cl\/#\/schema\/logo\/image\/"}},{"@type":"Person","@id":"https:\/\/www.d-unas.com\/cl\/#\/schema\/person\/33aa5b346c6e464bcd9c5c754528748d","name":"d-u\u00f1as","image":{"@type":"ImageObject","inLanguage":"es-CL","@id":"https:\/\/www.d-unas.com\/cl\/#\/schema\/person\/image\/","url":"https:\/\/secure.gravatar.com\/avatar\/0cfd061d86e6489568ff777383184b6b4c1ff29b4759346df4eea32eac094696?s=96&d=mm&r=g","contentUrl":"https:\/\/secure.gravatar.com\/avatar\/0cfd061d86e6489568ff777383184b6b4c1ff29b4759346df4eea32eac094696?s=96&d=mm&r=g","caption":"d-u\u00f1as"}}]}},"_links":{"self":[{"href":"https:\/\/www.d-unas.com\/cl\/wp-json\/wp\/v2\/posts\/8616","targetHints":{"allow":["GET"]}}],"collection":[{"href":"https:\/\/www.d-unas.com\/cl\/wp-json\/wp\/v2\/posts"}],"about":[{"href":"https:\/\/www.d-unas.com\/cl\/wp-json\/wp\/v2\/types\/post"}],"author":[{"embeddable":true,"href":"https:\/\/www.d-unas.com\/cl\/wp-json\/wp\/v2\/users\/26"}],"replies":[{"embeddable":true,"href":"https:\/\/www.d-unas.com\/cl\/wp-json\/wp\/v2\/comments?post=8616"}],"version-history":[{"count":0,"href":"https:\/\/www.d-unas.com\/cl\/wp-json\/wp\/v2\/posts\/8616\/revisions"}],"wp:featuredmedia":[{"embeddable":true,"href":"https:\/\/www.d-unas.com\/cl\/wp-json\/wp\/v2\/media\/8626"}],"wp:attachment":[{"href":"https:\/\/www.d-unas.com\/cl\/wp-json\/wp\/v2\/media?parent=8616"}],"wp:term":[{"taxonomy":"category","embeddable":true,"href":"https:\/\/www.d-unas.com\/cl\/wp-json\/wp\/v2\/categories?post=8616"},{"taxonomy":"post_tag","embeddable":true,"href":"https:\/\/www.d-unas.com\/cl\/wp-json\/wp\/v2\/tags?post=8616"}],"curies":[{"name":"wp","href":"https:\/\/api.w.org\/{rel}","templated":true}]}}